{"id":437,"date":"2019-09-04T09:50:29","date_gmt":"2019-09-04T07:50:29","guid":{"rendered":"http:\/\/www.heilbronn.rote-hilfe.de\/?p=437"},"modified":"2019-09-12T13:27:07","modified_gmt":"2019-09-12T11:27:07","slug":"konfetti-frei-solidaritaet-mit-den-antifaschistinnen","status":"publish","type":"post","link":"https:\/\/www.heilbronn.rote-hilfe.de\/?p=437","title":{"rendered":"Konfetti \u2013 frei! Solidarit\u00e4t mit den AntifaschistInnen!"},"content":{"rendered":"<p><img loading=\"lazy\" class=\"size-medium wp-image-439 alignleft\" src=\"http:\/\/www.heilbronn.rote-hilfe.de\/wp-content\/uploads\/mit-konfetti-uebersaet-ein-300x187.jpg\" alt=\"\" width=\"300\" height=\"187\" srcset=\"https:\/\/www.heilbronn.rote-hilfe.de\/wp-content\/uploads\/mit-konfetti-uebersaet-ein-300x187.jpg 300w, https:\/\/www.heilbronn.rote-hilfe.de\/wp-content\/uploads\/mit-konfetti-uebersaet-ein.jpg 610w\" sizes=\"(max-width: 300px) 100vw, 300px\" \/>+++ UPDATE (12.09.19): DER PROZESS WURDE SEHR KURZFRISTIG VERSCHOBEN +++ NEUER TERMIN NOCH UNKLAR +++<\/p>\n<p>+++ Prozess gegen zwei AktivistInnen wegen angeblicher Beteiligung an einer Aktion gegen den AfD-Stammtisch auf dem Wartberg +++ Prozesstermin: <del>13.09.2019 \/\/ 8.30 Uhr \/\/ Amtsgericht Heilbronn<\/del> +++ Kommt zur Prozessbeobachtung! +++ <del>Kundgebung ab 7.30 Uhr vor dem Amtsgericht Heilbronn<\/del> +++<\/p>\n<p>Am 13. September 2019 um 8.30 Uhr findet vor dem Amtsgericht Heilbronn der Prozess gegen zwei AntifaschistInnen statt. Ihnen wird vorgeworfen, zusammen mit Anderen am 03. Juli 2018 den AfD-Stammtisch im &#8222;Restaurant Wartberg&#8220; gest\u00f6rt zu haben. Damals hatten <a href=\"https:\/\/de.indymedia.org\/node\/22545\">&#8222;Heilbronner Antifaschist*innen&#8220;<\/a> Schilder aufgeh\u00e4ngt, Flyer an die anwesenden G\u00e4ste verteilt und mit einer Konfetti-Kanone Schnipsel durch das offene Fenster des Veranstaltungsraums regnen lassen, worauf hin AfD-Mitglieder aus dem Saal st\u00fcrmten und es zu einer Rangelei kam. <!--more--><\/p>\n<p>Dabei sollen vier &#8222;Stammtischk\u00e4mpfer&#8220; der AfD versucht haben, eine Antifaschistin festzuhalten und ihr ins Gesicht zu schlagen. Die Polizei startete eine Gro\u00dffahndung mit Autokontrollen und Hubschrauber-Einsatz um die Antifaschist*innen ausfindig zu machen, offensichtlich weil von der AfD f\u00e4lschlicherweise ein Schusswaffeneinsatz gemeldet wurde. Von dem \u00fcberzogenen Einsatz lies die Polizei auch nicht ab als klar wurde, dass es sich bei der vermeintlichen Schusswaffe um Konfetti-Kanonen gehandelt hatte. Manche Zeitungen schrieben anschlie\u00dfend von einem &#8222;Angriff mit Konfetti-Kanone&#8220; und \u00fcbernahmen damit unkritisch die Opfer-Inszenierung der AfD, deren Kreischef Rainer Podeswa von einer &#8222;v\u00f6llig neuen Qualit\u00e4t der Angriffe&#8220; gesprochen hatte. Dieses Gejammer der AfD ist heuchlerisch, vor allem vor dem Hintergrund einer immer weiteren Verrohung des \u00f6ffentlichen Diskurses durch deren menschenfeindliche Hetze, die immer wieder in Gewalttaten wie in einem Messerangriff auf Gefl\u00fcchtete in Heilbronn oder zuletzt in der Ermordung des Landrats L\u00fcbke m\u00fcndet. Trotzdem wird einem der beiden Angeklagten nun f\u00fcr die vermeintliche Teilnahme an einer an sich harmlosen Protestaktion eine Haftstrafe angedroht.<\/p>\n<p>Lassen wir die Angeklagten nicht alleine! Kommt zur Prozessbeobachtung, zeigt Solidarit\u00e4t, Spendet und Unterst\u00fctzt die Betroffenen. Getroffen hat es zwei, gemeint sind wir alle!<\/p>\n<p>Spendenkonto:<br \/>\nRote Hilfe Ortsgruppe Heilbronn<br \/>\nSantander Consumer Bank<br \/>\nIBAN: DE98500333001008068900<br \/>\nStichwort: &#8222;Konfetti&#8220;<\/p>\n","protected":false},"excerpt":{"rendered":"<p>+++ UPDATE (12.09.19): DER PROZESS WURDE SEHR KURZFRISTIG VERSCHOBEN +++ NEUER TERMIN NOCH UNKLAR +++ +++ Prozess gegen zwei AktivistInnen wegen angeblicher Beteiligung an einer Aktion gegen den AfD-Stammtisch auf dem Wartberg +++ Prozesstermin: 13.09.2019 \/\/ 8.30 Uhr \/\/ Amtsgericht Heilbronn +++ Kommt zur Prozessbeobachtung! +++ Kundgebung ab 7.30 Uhr<\/p>\n","protected":false},"author":1,"featured_media":0,"comment_status":"closed","ping_status":"closed","sticky":false,"template":"","format":"standard","meta":[],"categories":[3],"tags":[18,20,19,17],"_links":{"self":[{"href":"https:\/\/www.heilbronn.rote-hilfe.de\/index.php?rest_route=\/wp\/v2\/posts\/437"}],"collection":[{"href":"https:\/\/www.heilbronn.rote-hilfe.de\/index.php?rest_route=\/wp\/v2\/posts"}],"about":[{"href":"https:\/\/www.heilbronn.rote-hilfe.de\/index.php?rest_route=\/wp\/v2\/types\/post"}],"author":[{"embeddable":true,"href":"https:\/\/www.heilbronn.rote-hilfe.de\/index.php?rest_route=\/wp\/v2\/users\/1"}],"replies":[{"embeddable":true,"href":"https:\/\/www.heilbronn.rote-hilfe.de\/index.php?rest_route=%2Fwp%2Fv2%2Fcomments&post=437"}],"version-history":[{"count":8,"href":"https:\/\/www.heilbronn.rote-hilfe.de\/index.php?rest_route=\/wp\/v2\/posts\/437\/revisions"}],"predecessor-version":[{"id":448,"href":"https:\/\/www.heilbronn.rote-hilfe.de\/index.php?rest_route=\/wp\/v2\/posts\/437\/revisions\/448"}],"wp:attachment":[{"href":"https:\/\/www.heilbronn.rote-hilfe.de\/index.php?rest_route=%2Fwp%2Fv2%2Fmedia&parent=437"}],"wp:term":[{"taxonomy":"category","embeddable":true,"href":"https:\/\/www.heilbronn.rote-hilfe.de\/index.php?rest_route=%2Fwp%2Fv2%2Fcategories&post=437"},{"taxonomy":"post_tag","embeddable":true,"href":"https:\/\/www.heilbronn.rote-hilfe.de\/index.php?rest_route=%2Fwp%2Fv2%2Ftags&post=437"}],"curies":[{"name":"wp","href":"https:\/\/api.w.org\/{rel}","templated":true}]}}