{"id":575,"date":"2021-03-05T10:41:07","date_gmt":"2021-03-05T08:41:07","guid":{"rendered":"http:\/\/www.heilbronn.rote-hilfe.de\/?p=575"},"modified":"2021-03-05T10:41:07","modified_gmt":"2021-03-05T08:41:07","slug":"konsequent-und-solidarisch-fuer-die-freiheit-aller-politischen-gefangenen","status":"publish","type":"post","link":"https:\/\/www.heilbronn.rote-hilfe.de\/?p=575","title":{"rendered":"Konsequent und solidarisch: F\u00fcr die Freiheit aller politischen Gefangenen!"},"content":{"rendered":"<p><img loading=\"lazy\" class=\"size-medium wp-image-576 alignleft\" src=\"http:\/\/www.heilbronn.rote-hilfe.de\/wp-content\/uploads\/RH_2003_Sharepic-300x300.jpg\" alt=\"\" width=\"300\" height=\"300\" srcset=\"https:\/\/www.heilbronn.rote-hilfe.de\/wp-content\/uploads\/RH_2003_Sharepic-300x300.jpg 300w, https:\/\/www.heilbronn.rote-hilfe.de\/wp-content\/uploads\/RH_2003_Sharepic-150x150.jpg 150w, https:\/\/www.heilbronn.rote-hilfe.de\/wp-content\/uploads\/RH_2003_Sharepic-768x768.jpg 768w, https:\/\/www.heilbronn.rote-hilfe.de\/wp-content\/uploads\/RH_2003_Sharepic-60x60.jpg 60w, https:\/\/www.heilbronn.rote-hilfe.de\/wp-content\/uploads\/RH_2003_Sharepic.jpg 1181w\" sizes=\"(max-width: 300px) 100vw, 300px\" \/>Bundesweit sehen sich aktive Antifaschist*innen mit einer Vielzahl an Kriminalisierungsversuchen konfrontiert. Ein Ausdruck hiervon sind zahllose Strafverfahren an deren Ende immer \u00f6fter Haftstrafen stehen. Bittere H\u00f6hepunkte im vergangenen Jahr waren die Inhaftierungen von Jo und Dy in Stuttgart und von Lina in Leipzig. Die militante antifaschistische Praxis gegen Nazis wird juristisch hoch geh\u00e4ngt. Schnell wird ein besonders schwerer Fall des Landfriedensbruchs, eine kriminelle Vereinigung oder gar ein versuchter Totschlag konstruiert. H\u00f6chste Zeit f\u00fcr lautstarken Protest gegen diese Versch\u00e4rfung der Repression. Die Rote Hilfe e.V. ruft daher zur Teilnahme an der \u00fcberregionalen Antirepressionsdemo am 20. M\u00e4rz 2020 in Stuttgart auf.<\/p>\n<p>&nbsp;<\/p>\n<p><strong>Demo: 20. M\u00e4rz | 14 Uhr | Stuttgart-HBF<\/strong><\/p>\n<p>Aktuelle Infos: <a href=\"http:\/\/www.notwendig.org\" target=\"_blank\" rel=\"noopener\">www.notwendig.org<\/a><\/p>\n","protected":false},"excerpt":{"rendered":"<p>Bundesweit sehen sich aktive Antifaschist*innen mit einer Vielzahl an Kriminalisierungsversuchen konfrontiert. Ein Ausdruck hiervon sind zahllose Strafverfahren an deren Ende immer \u00f6fter Haftstrafen stehen. Bittere H\u00f6hepunkte im vergangenen Jahr waren die Inhaftierungen von Jo und Dy in Stuttgart und von Lina in Leipzig. Die militante antifaschistische Praxis gegen Nazis wird<\/p>\n","protected":false},"author":1,"featured_media":0,"comment_status":"closed","ping_status":"closed","sticky":false,"template":"","format":"standard","meta":[],"categories":[1],"tags":[34,28,20,14],"_links":{"self":[{"href":"https:\/\/www.heilbronn.rote-hilfe.de\/index.php?rest_route=\/wp\/v2\/posts\/575"}],"collection":[{"href":"https:\/\/www.heilbronn.rote-hilfe.de\/index.php?rest_route=\/wp\/v2\/posts"}],"about":[{"href":"https:\/\/www.heilbronn.rote-hilfe.de\/index.php?rest_route=\/wp\/v2\/types\/post"}],"author":[{"embeddable":true,"href":"https:\/\/www.heilbronn.rote-hilfe.de\/index.php?rest_route=\/wp\/v2\/users\/1"}],"replies":[{"embeddable":true,"href":"https:\/\/www.heilbronn.rote-hilfe.de\/index.php?rest_route=%2Fwp%2Fv2%2Fcomments&post=575"}],"version-history":[{"count":1,"href":"https:\/\/www.heilbronn.rote-hilfe.de\/index.php?rest_route=\/wp\/v2\/posts\/575\/revisions"}],"predecessor-version":[{"id":577,"href":"https:\/\/www.heilbronn.rote-hilfe.de\/index.php?rest_route=\/wp\/v2\/posts\/575\/revisions\/577"}],"wp:attachment":[{"href":"https:\/\/www.heilbronn.rote-hilfe.de\/index.php?rest_route=%2Fwp%2Fv2%2Fmedia&parent=575"}],"wp:term":[{"taxonomy":"category","embeddable":true,"href":"https:\/\/www.heilbronn.rote-hilfe.de\/index.php?rest_route=%2Fwp%2Fv2%2Fcategories&post=575"},{"taxonomy":"post_tag","embeddable":true,"href":"https:\/\/www.heilbronn.rote-hilfe.de\/index.php?rest_route=%2Fwp%2Fv2%2Ftags&post=575"}],"curies":[{"name":"wp","href":"https:\/\/api.w.org\/{rel}","templated":true}]}}