{"id":580,"date":"2021-03-13T11:25:42","date_gmt":"2021-03-13T09:25:42","guid":{"rendered":"http:\/\/www.heilbronn.rote-hilfe.de\/?p=580"},"modified":"2021-03-13T15:06:44","modified_gmt":"2021-03-13T13:06:44","slug":"18-maerz-tag-der-politischen-gefangenen","status":"publish","type":"post","link":"https:\/\/www.heilbronn.rote-hilfe.de\/?p=580","title":{"rendered":"18. M\u00e4rz &#8211; Tag der politischen Gefangenen. Online-Veranstaltungen"},"content":{"rendered":"<p><img loading=\"lazy\" class=\"size-medium wp-image-588 alignleft\" src=\"http:\/\/www.heilbronn.rote-hilfe.de\/wp-content\/uploads\/RH_VA180321-211x300.png\" alt=\"\" width=\"211\" height=\"300\" srcset=\"https:\/\/www.heilbronn.rote-hilfe.de\/wp-content\/uploads\/RH_VA180321-211x300.png 211w, https:\/\/www.heilbronn.rote-hilfe.de\/wp-content\/uploads\/RH_VA180321-768x1090.png 768w, https:\/\/www.heilbronn.rote-hilfe.de\/wp-content\/uploads\/RH_VA180321-1410x2000.png 1410w, https:\/\/www.heilbronn.rote-hilfe.de\/wp-content\/uploads\/RH_VA180321.png 1748w\" sizes=\"(max-width: 211px) 100vw, 211px\" \/><\/p>\n<p>Rund um den 18. M\u00e4rz bietet der Bundesvorstand der Roten Hilfe e.V. erstmalig auch Online-Veranstaltungen an. Ihr k\u00f6nnt euch unter dem folgenden Link einfach dazu schalten:<\/p>\n<p><a href=\"https:\/\/rote-hilfe.collocall.de\/b\/adm-hmc-txe-bdc\" target=\"_blank\" rel=\"noopener\">https:\/\/rote-hilfe.collocall.de\/b\/adm-hmc-txe-bd<\/a><!--more--><\/p>\n<p><strong>Dienstag, 16.3.2021 | 19.00 Uhr<\/strong><br \/>\n<strong>\u201eFree Mumia \u2013 Free Them All!\u201c<\/strong><\/p>\n<p>Online-Veranstaltung: Seit vier Jahrzehnten sind wir solidarisch mit dem inhaftierten Journalisten Mumia Abu-Jamal vor dem Hintergrund antirassistischer K\u00e4mpfe in den USA und besch\u00e4ftigen uns dabei auch mit Knastk\u00e4mpfen. Wir m\u00f6chten einen aktuellen Einblick in die Situation Mumias und in die Knastindustrie der USA geben.<\/p>\n<p>Link: Livestream auf das-mumia-hoerbuch.de<br \/>\nVeranstaltet von: Bundesweites Free Mumia Netzwerk und Bundesvorstand der Roten Hilfe e. V.<\/p>\n<p><strong>Mittwoch, 17.3.2021 | 19.00 Uhr<\/strong><br \/>\n<strong>\u201eFreiheit f\u00fcr alle politischen Gefangenen! \u2013 Geschichte und Gegenwart des 18. M\u00e4rz als Tag der politischen Gefangenen\u201c<\/strong><br \/>\nHenning von Stoltzenberg (Bundesvorstand der Roten Hilfe e. V.) und Silke Makowski (Hans-Litten-Archiv e. V.) stellen die Entwicklung des Tags der politischen Gefangenen seit 1923 vor und diskutieren \u00fcber die Bedeutung der j\u00e4hrlichen Aktionen rund um den 18. M\u00e4rz.<\/p>\n<p>Zugangsdaten: ab 15. M\u00e4rz \u00fcber rote-hilfe.de<br \/>\nVeranstaltet von: Bundesvorstand der Roten Hilfe e. V. in Kooperation mit dem Hans-Litten-Archiv e. V.<\/p>\n<p><strong>Donnerstag, 18.3.2021 | 20.00 Uhr<\/strong><br \/>\n<strong>\u201e\u00a7 129b gegen kurdische Linke\u201c<\/strong><\/p>\n<p>Online-Veranstaltung: Immer wieder werden kurdische Aktivist*innen auf Grund der vermeintlichen Mitgliedschaft in der PKK verurteilt und inhaftiert. Wir m\u00f6chten einen Blick auf aktuelle Verfahren und die so dringend ben\u00f6tigte Solidarit\u00e4tsarbeit werfen.<\/p>\n<p>Zugangsdaten: ab 15. M\u00e4rz \u00fcber rote-hilfe.de<br \/>\nVeranstaltet von: Bundesvorstand der Roten Hilfe e. V. und Rechtshilfefonds Azad\u00ee e. V.<\/p>\n<p><strong>Sonntag, 21.3.2021 | 18.00 Uhr<\/strong><br \/>\n<strong>\u201eGefangene der fossilen Politik \u2013 Repression gegen die Klimabewegung\u201c<\/strong><\/p>\n<p>Online-Podiumsdiskussion: Die Klimabewegung ist breit gef\u00e4chert. Mit Massenstreiks und -blockaden, Baumbesetzungen oder Aktionen des zivilen Ungehorsams gelingt es regelm\u00e4\u00dfig, Aufmerksamkeit f\u00fcr die Zukunft des Planeten zu erzeugen. Doch wie geht die Bewegung mit der steigenden Kriminalisierung um und wie steht es um die politischen Gefangenen und die Solidarit\u00e4t aus der Bewegung? Dar\u00fcber diskutieren wir mit Aktivist*innen und Gruppen aus der Klimabewegung.<\/p>\n<p>Zugangsdaten: ab 15. M\u00e4rz \u00fcber rote-hilfe.de<br \/>\nVeranstaltet von: Bundesvorstand der Roten Hilfe e. V.<\/p>\n<hr \/>\n<p align=\"justify\">Au\u00dferdem gibt es in der kommenden Woche weitere (Online)Veranstaltungen, Kundgebungen und Demonstrationen von Ortsgruppen der Roten Hilfe e. V. und anderen Antirepressionsgruppen. Einen Termin\u00fcberblick aller (auch nicht-virtueller) Veranstaltungen zum 18. M\u00e4rz findet ihr auf der <a href=\"https:\/\/rote-hilfe.de\/news\/bundesvorstand\/1126-bundesweite-terminuebersicht-zum-18-maerz\">Homepage der Roten Hilfe e.V.<\/a><\/p>\n<h5><strong>Weitere Online-Veranstaltungen zum 18. M\u00e4rz:<br \/>\n<\/strong><\/h5>\n<p>&nbsp;<\/p>\n<p><strong>Sonntag, 14.3.2021 | 16.00 Uhr<\/strong><br \/>\n<strong>\u201eGar l\u00e4cherlich? Adbusting mit Polizei und Milit\u00e4r\u201c<\/strong><\/p>\n<p>Online-Workshop; weitere Infos unter plakativ.blackblogs.org<br \/>\nLink: Anmeldung bei plakativ@riseup.net<br \/>\nVeranstaltet von: Soligruppe Plakativ und B\u00fcndnis \u201eGemeinschaftlicher Widerstand\u201c<\/p>\n<p><strong>Sonntag, 14.3.2021 | 19.00 Uhr<\/strong><br \/>\n<strong>\u201eFreiheit f\u00fcr Dy! Schluss mit der Kriminalisierung von Antifaschist*innen\u201c<\/strong><\/p>\n<p>Online-Veranstaltung: Im Rahmen des Prozessauftakts gegen die Stuttgarter Antifas Jo und Dy laden wir die Genoss*innen der Ortsgruppe Stuttgart zu einem virtuellen Informations- und Solidarit\u00e4tsabend ein. Dieser Fall zeigt exemplarisch, dass linker Widerstand und Aktivismus im Allgemeinen und auch besonders w\u00e4hrend der Pandemie unerw\u00fcnscht sind. Umso wichtiger ist unsere gemeinsame Solidarit\u00e4t.<\/p>\n<p>Link: Anmeldung bei regensburg@rote-hilfe.de<br \/>\nVeranstaltet von: Rote Hilfe OG Regensburg<\/p>\n<p><strong>Montag, 15.3.2021 | Uhrzeit: tba<\/strong><br \/>\n<strong>\u201eRassistische Polizeigewalt: Kurz- und langfristige Handlungsm\u00f6glichkeiten. F\u00fcr solidarische Auswege!\u201c<\/strong><\/p>\n<p>Podiumsdiskussion zum Internationalen Tag gegen Polizeigewalt<br \/>\nLink: deathincustody.noblogs.org<br \/>\nVeranstaltet von: B\u00fcndnis \u201eDeath in Custody\u201c und B\u00fcndnis \u201eGemeinschaftlicher Widerstand\u201c<\/p>\n<p><strong>Donnerstag, 18.3.2021 | 18.00 Uhr<\/strong><br \/>\n<strong>\u201eDemo-Einmaleins: Rechtshilfetipps f\u00fcr Demonstrationen&#8220;<\/strong><\/p>\n<p>Online-Rechtshilfe-Workshop<br \/>\nLink: Anmeldung \u00fcber bildung@komplex-schwerin.de<br \/>\nVeranstaltet von: Bildungscaf\u00e9 Schwerin und Rote Hilfe OG Rostock<\/p>\n<p><strong>Donnerstag, 18.3.2021 | 19.00 Uhr<\/strong><br \/>\n<strong>\u201eEin Leben f\u00fcr die Freiheit: Leonard Peltier und der indianische Widerstand\u201c<\/strong><\/p>\n<p>Online-Lesung und Vortrag zum Vorfall an Wounded Knee und zu Peltiers aktueller Situation<br \/>\nZugangsdaten unter: leonardpeltier.de<br \/>\nVeranstaltet von: TOKATA-LPGS RheinMain<\/p>\n<hr \/>\n<p>&nbsp;<\/p>\n","protected":false},"excerpt":{"rendered":"<p>Rund um den 18. M\u00e4rz bietet der Bundesvorstand der Roten Hilfe e.V. erstmalig auch Online-Veranstaltungen an. Ihr k\u00f6nnt euch unter dem folgenden Link einfach dazu schalten: https:\/\/rote-hilfe.collocall.de\/b\/adm-hmc-txe-bd<\/p>\n","protected":false},"author":1,"featured_media":0,"comment_status":"closed","ping_status":"closed","sticky":false,"template":"","format":"standard","meta":[],"categories":[24],"tags":[34,6,35,36],"_links":{"self":[{"href":"https:\/\/www.heilbronn.rote-hilfe.de\/index.php?rest_route=\/wp\/v2\/posts\/580"}],"collection":[{"href":"https:\/\/www.heilbronn.rote-hilfe.de\/index.php?rest_route=\/wp\/v2\/posts"}],"about":[{"href":"https:\/\/www.heilbronn.rote-hilfe.de\/index.php?rest_route=\/wp\/v2\/types\/post"}],"author":[{"embeddable":true,"href":"https:\/\/www.heilbronn.rote-hilfe.de\/index.php?rest_route=\/wp\/v2\/users\/1"}],"replies":[{"embeddable":true,"href":"https:\/\/www.heilbronn.rote-hilfe.de\/index.php?rest_route=%2Fwp%2Fv2%2Fcomments&post=580"}],"version-history":[{"count":11,"href":"https:\/\/www.heilbronn.rote-hilfe.de\/index.php?rest_route=\/wp\/v2\/posts\/580\/revisions"}],"predecessor-version":[{"id":594,"href":"https:\/\/www.heilbronn.rote-hilfe.de\/index.php?rest_route=\/wp\/v2\/posts\/580\/revisions\/594"}],"wp:attachment":[{"href":"https:\/\/www.heilbronn.rote-hilfe.de\/index.php?rest_route=%2Fwp%2Fv2%2Fmedia&parent=580"}],"wp:term":[{"taxonomy":"category","embeddable":true,"href":"https:\/\/www.heilbronn.rote-hilfe.de\/index.php?rest_route=%2Fwp%2Fv2%2Fcategories&post=580"},{"taxonomy":"post_tag","embeddable":true,"href":"https:\/\/www.heilbronn.rote-hilfe.de\/index.php?rest_route=%2Fwp%2Fv2%2Ftags&post=580"}],"curies":[{"name":"wp","href":"https:\/\/api.w.org\/{rel}","templated":true}]}}